{"id":8569,"date":"2019-11-15T19:33:58","date_gmt":"2019-11-15T19:33:58","guid":{"rendered":"http:\/\/www.armycadetleague.ca\/?p=8569"},"modified":"2019-11-15T19:33:58","modified_gmt":"2019-11-15T19:33:58","slug":"un-membre-du-quebec-recipiendaire-de-la-medaille-du-souverain-pour-les-benevoles","status":"publish","type":"post","link":"https:\/\/www.armycadetleague.ca\/fr\/nouvelles\/un-membre-du-quebec-recipiendaire-de-la-medaille-du-souverain-pour-les-benevoles\/","title":{"rendered":"UN MEMBRE DU QU\u00c9BEC R\u00c9CIPIENDAIRE DE LA M\u00c9DAILLE DU SOUVERAIN POUR LES B\u00c9N\u00c9VOLES"},"content":{"rendered":"<p>Nous tenons \u00e0 f\u00e9liciter M. Gilles D\u00e9ry, Vice-pr\u00e9sident national pour province du Qu\u00e9bec, qui \u00e9tait \u00e0 Ottawa a la maison de la Gouverneure g\u00e9n\u00e9rale le 12 novembre pour recevoir la M\u00e9daille du souverain pour les b\u00e9n\u00e9voles.<\/p>\n<p>D\u00e9ry s\u2019implique au sein du programme des Cadets de l\u2019Arm\u00e9e au Saguenay et aupr\u00e8s de la Ligue des cadets de l\u2019Arm\u00e9e depuis 25 ans. M. Dery a assum\u00e9 plusieurs fonctions de direction avec notre organisation \u00e0 l\u2019\u00e9chelle locale, provinciale et nationale incluant le poste de Pr\u00e9sident national pendant quatre mandats cons\u00e9cutifs (8 ans).<\/p>\n<p>Vous pouvez visionner la vid\u00e9o de la c\u00e9r\u00e9monie ici\u00a0: <a href=\"https:\/\/www.gg.ca\/en\/direct\">https:\/\/www.gg.ca\/en\/direct<\/a> (la pr\u00e9sentation de M. Dery d\u00e9bute \u00e0 1:02 de la vid\u00e9o)<\/p>\n<p>Pour plus de d\u00e9tails concernant la mise en candidature d\u2019un b\u00e9n\u00e9vole de la LCAC qui m\u00e9riterait cette reconnaissance, consultez la politique\u00a013.20 a la page <a href=\"\/?page_id=6960\">http:\/\/www.armycadetleague.ca\/fr\/prix-subventions-et-bourses\/<\/a> de notre site web.<\/p>\n","protected":false},"excerpt":{"rendered":"<p>Nous tenons \u00e0 f\u00e9liciter M. Gilles D\u00e9ry, Vice-pr\u00e9sident national pour province du Qu\u00e9bec, qui \u00e9tait \u00e0 Ottawa a la maison de la Gouverneure g\u00e9n\u00e9rale le 12 novembre pour recevoir la M\u00e9daille du souverain pour les b\u00e9n\u00e9voles. D\u00e9ry s\u2019implique au sein du programme des Cadets de l\u2019Arm\u00e9e au Saguenay et aupr\u00e8s de la Ligue des cadets [&hellip;]<\/p>\n","protected":false},"author":5,"featured_media":0,"comment_status":"closed","ping_status":"open","sticky":false,"template":"","format":"standard","meta":{"footnotes":"","_links_to":"","_links_to_target":""},"categories":[51],"tags":[],"class_list":["post-8569","post","type-post","status-publish","format-standard","hentry","category-nouvelles"],"_links":{"self":[{"href":"https:\/\/www.armycadetleague.ca\/fr\/wp-json\/wp\/v2\/posts\/8569","targetHints":{"allow":["GET"]}}],"collection":[{"href":"https:\/\/www.armycadetleague.ca\/fr\/wp-json\/wp\/v2\/posts"}],"about":[{"href":"https:\/\/www.armycadetleague.ca\/fr\/wp-json\/wp\/v2\/types\/post"}],"author":[{"embeddable":true,"href":"https:\/\/www.armycadetleague.ca\/fr\/wp-json\/wp\/v2\/users\/5"}],"replies":[{"embeddable":true,"href":"https:\/\/www.armycadetleague.ca\/fr\/wp-json\/wp\/v2\/comments?post=8569"}],"version-history":[{"count":1,"href":"https:\/\/www.armycadetleague.ca\/fr\/wp-json\/wp\/v2\/posts\/8569\/revisions"}],"predecessor-version":[{"id":8570,"href":"https:\/\/www.armycadetleague.ca\/fr\/wp-json\/wp\/v2\/posts\/8569\/revisions\/8570"}],"wp:attachment":[{"href":"https:\/\/www.armycadetleague.ca\/fr\/wp-json\/wp\/v2\/media?parent=8569"}],"wp:term":[{"taxonomy":"category","embeddable":true,"href":"https:\/\/www.armycadetleague.ca\/fr\/wp-json\/wp\/v2\/categories?post=8569"},{"taxonomy":"post_tag","embeddable":true,"href":"https:\/\/www.armycadetleague.ca\/fr\/wp-json\/wp\/v2\/tags?post=8569"}],"curies":[{"name":"wp","href":"https:\/\/api.w.org\/{rel}","templated":true}]}}